{"id":38696,"date":"2020-01-31T09:03:19","date_gmt":"2020-01-31T07:03:19","guid":{"rendered":"https:\/\/www.mondragon-assembly.com\/2020\/01\/tle1-5\/"},"modified":"2021-03-30T14:09:36","modified_gmt":"2021-03-30T12:09:36","slug":"la-planta-solar-mas-grande-de-euskadi-ekian-ya-esta-en-marcha","status":"publish","type":"post","link":"https:\/\/www.mondragon-assembly.com\/es\/la-planta-solar-mas-grande-de-euskadi-ekian-ya-esta-en-marcha\/","title":{"rendered":"La planta solar m\u00e1s grande de Euskadi, Ekian, ya est\u00e1 en marcha"},"content":{"rendered":"<div class=\"wpb-content-wrapper\"><p>[vc_row][vc_column][vc_single_image image=\u00bb38683&#8243; img_size=\u00bbfull\u00bb alignment=\u00bbcenter\u00bb][vc_column_text]<\/p>\n<h4><strong>El proyecto ha sido liderado e impulsado por el Ente Vasco de Energia (EVE) y Krean, tras un a\u00f1o de construcci\u00f3n, fue inaugurado el d\u00eda 27 de enero.<\/strong><\/h4>\n<p>El parque solar EKIAN, ubicado en el Pol\u00edgono Industrial Arasur, ha sido inaugurado por el lehendakari I\u00f1igo Urkullu junto a representantes de las dos promotoras (EVE y Krean) y de las 26 empresas inversoras, todas ellas vascas. Se trata del mayor parque solar fotovoltaico de Euskadi que duplica la potencia instalada hasta la fecha en nuestro territorio. La instalaci\u00f3n cuenta con 67.000 paneles solares de 355 vatios cada uno que en total pueden alcanzar una producci\u00f3n anual cercana a los 40.000 MWh, capaz de abastecer de las necesidades el\u00e9ctricas de unas 15.000 familias en un a\u00f1o.<\/p>\n<p>En el acto de inauguraci\u00f3n, el lehendakari I\u00f1igo Urkullu ha destacado la cultura colaborativa que cuenta con mucho arraigo en la industria y en la propia sociedad vasca para impulsar e implantar proyectos, \u201cuna colaboraci\u00f3n p\u00fablico-privada para hacer realidad el aprovechamiento de fuentes renovables, imprescindibles para el cumplimiento de los objetivos y compromisos de la transici\u00f3n energ\u00e9tica hacia un modelo m\u00e1s sostenible\u201d.<\/p>\n<p>Asimismo, el director general del Ente Vasco de la Energ\u00eda, I\u00f1igo Ansola, y el director del proyecto EKIAN, Asier Etxabe, han destacado el tes\u00f3n de ambas firmas por colaborar y abrir v\u00edas innovadoras para el desarrollo de proyectos renovables, as\u00ed como la apuesta que las 26 empresas inversoras vascas han realizado por las energ\u00edas limpias.<\/p>\n<p>La planta solar fotovoltaica EKIAN est\u00e1 ubicada en una finca industrial de 55 hect\u00e1reas de extensi\u00f3n denominada \u201cLa l\u00e1grima\u201d dentro del Pol\u00edgono Industrial ARASUR, en el t\u00e9rmino municipal de Ribera Baja\/Erribera Beitia de Araba. Es un proyecto pionero ya que se trata de la primera vez que se promociona un parque solar a trav\u00e9s de la colaboraci\u00f3n p\u00fablico-privada mediante empresas\u00a0propietarias\u00a0de parte de la potencia instalada.[\/vc_column_text][\/vc_column][\/vc_row][vc_row][vc_column][vc_single_image image=\u00bb38684&#8243; img_size=\u00bbfull\u00bb alignment=\u00bbcenter\u00bb css=\u00bb.vc_custom_1617106165660{margin-top: -20px !important;}\u00bb][vc_column_text]<\/p>\n<h4><strong>Mondragon Assembly, uno de los inversores del proyecto EKIAN<\/strong><\/h4>\n<p>Seis cooperativas de la Corporaci\u00f3n Mondragon, esta \u00faltima incluida, han participado en el proyecto que tiene como objetivo impulsar la generaci\u00f3n de energ\u00eda de una manera m\u00e1s responsable. Por su parte, Mondragon Assembly que sigue firmemente comprometida en el desarrollo de un entorno m\u00e1s sostenible califica el proyecto como algo muy positivo para la sociedad del territorio vasco.<\/p>\n<h4><strong>Sobre el Grupo MONDRAGON Assembly<\/strong><\/h4>\n<p>Es un grupo internacional especializado en el desarrollo de soluciones de automatizaci\u00f3n y de ensamble. Cuenta ya con seis plantas productivas:<\/p>\n<p>Aretxabaleta (Gipuzkoa), su sede central, M\u00e9xico, Francia, Alemania, China y Brasil, y una filial en la India y opera en sectores como energ\u00eda solar, automoci\u00f3n, componentes de electrodom\u00e9sticos, cosm\u00e9ticos, dispositivos m\u00e9dicos y componentes electr\u00f3nicos.[\/vc_column_text][\/vc_column][\/vc_row][vc_row][vc_column][vc_video link=\u00bbhttps:\/\/vimeo.com\/386946353\/92997dc16a\u00bb][\/vc_column][\/vc_row]<\/p>\n<\/div>","protected":false},"excerpt":{"rendered":"<p>El proyecto ha sido liderado e impulsado por el Ente Vasco de Energia (EVE) y Krean, tras un a\u00f1o de construcci\u00f3n, fue inaugurado el d\u00eda 27 de enero.<\/p>\n","protected":false},"author":4,"featured_media":38683,"comment_status":"open","ping_status":"open","sticky":false,"template":"","format":"standard","meta":{"_lmt_disableupdate":"","_lmt_disable":"","footnotes":""},"categories":[31],"tags":[],"yst_prominent_words":[],"class_list":["post-38696","post","type-post","status-publish","format-standard","has-post-thumbnail","hentry","category-noticias"],"acf":[],"modified_by":"Itxaso","_links":{"self":[{"href":"https:\/\/www.mondragon-assembly.com\/es\/wp-json\/wp\/v2\/posts\/38696","targetHints":{"allow":["GET"]}}],"collection":[{"href":"https:\/\/www.mondragon-assembly.com\/es\/wp-json\/wp\/v2\/posts"}],"about":[{"href":"https:\/\/www.mondragon-assembly.com\/es\/wp-json\/wp\/v2\/types\/post"}],"author":[{"embeddable":true,"href":"https:\/\/www.mondragon-assembly.com\/es\/wp-json\/wp\/v2\/users\/4"}],"replies":[{"embeddable":true,"href":"https:\/\/www.mondragon-assembly.com\/es\/wp-json\/wp\/v2\/comments?post=38696"}],"version-history":[{"count":3,"href":"https:\/\/www.mondragon-assembly.com\/es\/wp-json\/wp\/v2\/posts\/38696\/revisions"}],"predecessor-version":[{"id":38771,"href":"https:\/\/www.mondragon-assembly.com\/es\/wp-json\/wp\/v2\/posts\/38696\/revisions\/38771"}],"wp:featuredmedia":[{"embeddable":true,"href":"https:\/\/www.mondragon-assembly.com\/es\/wp-json\/wp\/v2\/media\/38683"}],"wp:attachment":[{"href":"https:\/\/www.mondragon-assembly.com\/es\/wp-json\/wp\/v2\/media?parent=38696"}],"wp:term":[{"taxonomy":"category","embeddable":true,"href":"https:\/\/www.mondragon-assembly.com\/es\/wp-json\/wp\/v2\/categories?post=38696"},{"taxonomy":"post_tag","embeddable":true,"href":"https:\/\/www.mondragon-assembly.com\/es\/wp-json\/wp\/v2\/tags?post=38696"},{"taxonomy":"yst_prominent_words","embeddable":true,"href":"https:\/\/www.mondragon-assembly.com\/es\/wp-json\/wp\/v2\/yst_prominent_words?post=38696"}],"curies":[{"name":"wp","href":"https:\/\/api.w.org\/{rel}","templated":true}]}}